{"id":229,"date":"2010-01-13T00:48:08","date_gmt":"2010-01-12T23:48:08","guid":{"rendered":"http:\/\/artnetart.info\/?p=83"},"modified":"2014-01-06T19:50:10","modified_gmt":"2014-01-06T18:50:10","slug":"na-skrzyzowaniu-w-ksztalcie-litery-t","status":"publish","type":"post","link":"http:\/\/artnetart.info\/?p=229","title":{"rendered":"Na skrzy\u017cowaniu w kszta\u0142cie litery &#8222;T&#8221;"},"content":{"rendered":"<h2><a href=\"http:\/\/artnetart.info\/wp-content\/uploads\/2010\/01\/Skrzyzowanie-w-ksztalcie-litery-T.jpg\"><img loading=\"lazy\" class=\"alignnone size-medium wp-image-333\" alt=\"Skrzyzowanie w ksztalcie litery T\" src=\"http:\/\/artnetart.info\/wp-content\/uploads\/2010\/01\/Skrzyzowanie-w-ksztalcie-litery-T-300x225.jpg\" width=\"300\" height=\"225\" srcset=\"http:\/\/artnetart.info\/wp-content\/uploads\/2010\/01\/Skrzyzowanie-w-ksztalcie-litery-T-300x225.jpg 300w, http:\/\/artnetart.info\/wp-content\/uploads\/2010\/01\/Skrzyzowanie-w-ksztalcie-litery-T-640x480.jpg 640w, http:\/\/artnetart.info\/wp-content\/uploads\/2010\/01\/Skrzyzowanie-w-ksztalcie-litery-T-780x585.jpg 780w, http:\/\/artnetart.info\/wp-content\/uploads\/2010\/01\/Skrzyzowanie-w-ksztalcie-litery-T.jpg 800w\" sizes=\"(max-width: 300px) 100vw, 300px\" \/><\/a><\/h2>\n<h2>To plan pogl\u0105dowy, podgl\u0105dowy (?) mojego snu o skrzy\u017cowaniu w kszta\u0142cie litery &#8222;T&#8221;, kt\u00f3ry obejmowa\u0142 lata 1939-1963. W tym \u015bnie urodzi\u0142em si\u0119 w 1920 r. I tak si\u0119 we \u015bnie z\u0142o\u017cy\u0142o, \u017ce wojna nale\u017ca\u0142a do najszcz\u0119\u015bliwszych okres\u00f3w w moim \u017cyciu (patrz pocz\u0105tek opisu na stronie &#8222;<a href=\"http:\/\/warszawatriestlizbona.blogspot.com\/\" target=\"_blank\">Warszawa-Triest-Lizbona<\/a>&#8222;).<\/h2>\n","protected":false},"excerpt":{"rendered":"<p>To plan pogl\u0105dowy, podgl\u0105dowy (?) mojego snu o skrzy\u017cowaniu w kszta\u0142cie litery &#8222;T&#8221;, kt\u00f3ry obejmowa\u0142 lata 1939-1963. W tym \u015bnie urodzi\u0142em si\u0119 w 1920 r. I tak si\u0119 we \u015bnie z\u0142o\u017cy\u0142o, \u017ce wojna nale\u017ca\u0142a do najszcz\u0119\u015bliwszych okres\u00f3w w moim \u017cyciu (patrz pocz\u0105tek opisu na stronie &#8222;Warszawa-Triest-Lizbona&#8222;).<\/p>\n","protected":false},"author":1,"featured_media":333,"comment_status":"open","ping_status":"open","sticky":false,"template":"","format":"standard","meta":[],"categories":[15],"tags":[24,42,44,85,64,65,83,84],"_links":{"self":[{"href":"http:\/\/artnetart.info\/index.php?rest_route=\/wp\/v2\/posts\/229"}],"collection":[{"href":"http:\/\/artnetart.info\/index.php?rest_route=\/wp\/v2\/posts"}],"about":[{"href":"http:\/\/artnetart.info\/index.php?rest_route=\/wp\/v2\/types\/post"}],"author":[{"embeddable":true,"href":"http:\/\/artnetart.info\/index.php?rest_route=\/wp\/v2\/users\/1"}],"replies":[{"embeddable":true,"href":"http:\/\/artnetart.info\/index.php?rest_route=%2Fwp%2Fv2%2Fcomments&post=229"}],"version-history":[{"count":2,"href":"http:\/\/artnetart.info\/index.php?rest_route=\/wp\/v2\/posts\/229\/revisions"}],"predecessor-version":[{"id":334,"href":"http:\/\/artnetart.info\/index.php?rest_route=\/wp\/v2\/posts\/229\/revisions\/334"}],"wp:featuredmedia":[{"embeddable":true,"href":"http:\/\/artnetart.info\/index.php?rest_route=\/wp\/v2\/media\/333"}],"wp:attachment":[{"href":"http:\/\/artnetart.info\/index.php?rest_route=%2Fwp%2Fv2%2Fmedia&parent=229"}],"wp:term":[{"taxonomy":"category","embeddable":true,"href":"http:\/\/artnetart.info\/index.php?rest_route=%2Fwp%2Fv2%2Fcategories&post=229"},{"taxonomy":"post_tag","embeddable":true,"href":"http:\/\/artnetart.info\/index.php?rest_route=%2Fwp%2Fv2%2Ftags&post=229"}],"curies":[{"name":"wp","href":"https:\/\/api.w.org\/{rel}","templated":true}]}}