{"id":356,"date":"2014-12-18T23:20:31","date_gmt":"2014-12-18T22:20:31","guid":{"rendered":"http:\/\/artnetart.info\/?p=356"},"modified":"2014-12-18T23:24:39","modified_gmt":"2014-12-18T22:24:39","slug":"wizerunek-i-tekst","status":"publish","type":"post","link":"http:\/\/artnetart.info\/?p=356","title":{"rendered":"Wizerunek i tekst"},"content":{"rendered":"<h2>W\u0142a\u015bciwie w netarcie tekst by\u0142 elementem wizerunku, tak jak np w logo wspomnianej przeze mnie wystawy w warszawskiej &#8222;Zach\u0119cie&#8221; pod has\u0142em 'Natarcie Netartu&#8221;, o takie ono jest:<\/h2>\n<p><a href=\"http:\/\/artnetart.info\/wp-content\/uploads\/2013\/08\/natarcie_netartu.jpg\"><img loading=\"lazy\" class=\"aligncenter size-large wp-image-165\" src=\"http:\/\/artnetart.info\/wp-content\/uploads\/2013\/08\/natarcie_netartu-707x1024.jpg\" alt=\"natarcie_netartu\" width=\"640\" height=\"927\" srcset=\"http:\/\/artnetart.info\/wp-content\/uploads\/2013\/08\/natarcie_netartu-707x1024.jpg 707w, http:\/\/artnetart.info\/wp-content\/uploads\/2013\/08\/natarcie_netartu-207x300.jpg 207w, http:\/\/artnetart.info\/wp-content\/uploads\/2013\/08\/natarcie_netartu-663x960.jpg 663w, http:\/\/artnetart.info\/wp-content\/uploads\/2013\/08\/natarcie_netartu.jpg 766w\" sizes=\"(max-width: 640px) 100vw, 640px\" \/><\/a><\/p>\n<h2>Moi dawni Znajomi (<a href=\"http:\/\/www.twozywo.art.pl\/\" target=\"_blank\">Grupa Two\u017cywo<\/a>), kt\u00f3rych\u00a0 niestety ju\u017c szmat czasu nie widzia\u0142em wiedzieli doskonale o tej symbiozie uk\u0142adu liter i figur, i stosowali ten melan\u017c z ca\u0142\u0105 artystyczn\u0105 swobod\u0105. By\u0142em pod urokiem ich nastrojowych p\u00f3\u0142-pyta\u0144, p\u00f3\u0142-hase\u0142 i niewinnych wizerunk\u00f3w, takich, jak np.:<\/h2>\n<p><a href=\"http:\/\/artnetart.info\/wp-content\/uploads\/2013\/08\/anna_czuje.jpg\"><img loading=\"lazy\" class=\"aligncenter size-large wp-image-168\" src=\"http:\/\/artnetart.info\/wp-content\/uploads\/2013\/08\/anna_czuje-712x1024.jpg\" alt=\"anna_czuje\" width=\"640\" height=\"920\" srcset=\"http:\/\/artnetart.info\/wp-content\/uploads\/2013\/08\/anna_czuje-712x1024.jpg 712w, http:\/\/artnetart.info\/wp-content\/uploads\/2013\/08\/anna_czuje-208x300.jpg 208w, http:\/\/artnetart.info\/wp-content\/uploads\/2013\/08\/anna_czuje-668x960.jpg 668w, http:\/\/artnetart.info\/wp-content\/uploads\/2013\/08\/anna_czuje.jpg 793w\" sizes=\"(max-width: 640px) 100vw, 640px\" \/><\/a> <a href=\"http:\/\/artnetart.info\/wp-content\/uploads\/2013\/08\/beata_coraz.jpg\"><img loading=\"lazy\" class=\"aligncenter wp-image-167 size-large\" src=\"http:\/\/artnetart.info\/wp-content\/uploads\/2013\/08\/beata_coraz-709x1024.jpg\" alt=\"beata_coraz\" width=\"640\" height=\"924\" srcset=\"http:\/\/artnetart.info\/wp-content\/uploads\/2013\/08\/beata_coraz-709x1024.jpg 709w, http:\/\/artnetart.info\/wp-content\/uploads\/2013\/08\/beata_coraz-207x300.jpg 207w, http:\/\/artnetart.info\/wp-content\/uploads\/2013\/08\/beata_coraz-664x960.jpg 664w, http:\/\/artnetart.info\/wp-content\/uploads\/2013\/08\/beata_coraz.jpg 797w\" sizes=\"(max-width: 640px) 100vw, 640px\" \/><\/a><\/p>\n<h2>No to ja te\u017c chcia\u0142em by\u0107 taki do przodu, \u017ce niby nieobca mi jest estetyka oraz warto\u015b\u0107 intelektualna kombinacji tekstu i obrazu i zacz\u0105\u0142em w\u0142a\u015bnie kombinowa\u0107 i tak np. wykombinowa\u0142em:<\/h2>\n<p><a href=\"http:\/\/artnetart.info\/wp-content\/uploads\/2013\/08\/zaciemnienie.jpg\"><img loading=\"lazy\" class=\"aligncenter size-full wp-image-241\" src=\"http:\/\/artnetart.info\/wp-content\/uploads\/2013\/08\/zaciemnienie.jpg\" alt=\"zaciemnienie\" width=\"500\" height=\"375\" srcset=\"http:\/\/artnetart.info\/wp-content\/uploads\/2013\/08\/zaciemnienie.jpg 500w, http:\/\/artnetart.info\/wp-content\/uploads\/2013\/08\/zaciemnienie-300x225.jpg 300w\" sizes=\"(max-width: 500px) 100vw, 500px\" \/><\/a><\/p>\n<p>&nbsp;<\/p>\n<p><a href=\"http:\/\/artnetart.info\/wp-content\/uploads\/2013\/08\/smiech_na_sali.jpg\"><img loading=\"lazy\" class=\"aligncenter wp-image-163 size-full\" src=\"http:\/\/artnetart.info\/wp-content\/uploads\/2013\/08\/smiech_na_sali.jpg\" alt=\"smiech_na_sali\" width=\"800\" height=\"600\" srcset=\"http:\/\/artnetart.info\/wp-content\/uploads\/2013\/08\/smiech_na_sali.jpg 800w, http:\/\/artnetart.info\/wp-content\/uploads\/2013\/08\/smiech_na_sali-300x225.jpg 300w\" sizes=\"(max-width: 800px) 100vw, 800px\" \/><\/a><\/p>\n<h2 style=\"text-align: center;\">\u00a0Cz\u0142owiek przeczyta popatrzy i ma.<\/h2>\n","protected":false},"excerpt":{"rendered":"<p>W\u0142a\u015bciwie w netarcie tekst by\u0142 elementem wizerunku, tak jak np w logo wspomnianej przeze mnie wystawy w warszawskiej &#8222;Zach\u0119cie&#8221; pod has\u0142em 'Natarcie Netartu&#8221;, o takie ono jest: Moi dawni Znajomi (Grupa Two\u017cywo), kt\u00f3rych\u00a0 niestety ju\u017c szmat czasu nie widzia\u0142em wiedzieli doskonale o tej symbiozie uk\u0142adu liter i figur, i stosowali ten melan\u017c z ca\u0142\u0105 artystyczn\u0105 [&hellip;]<\/p>\n","protected":false},"author":1,"featured_media":330,"comment_status":"open","ping_status":"open","sticky":false,"template":"","format":"image","meta":[],"categories":[15,2,103],"tags":[105,106,104,107],"_links":{"self":[{"href":"http:\/\/artnetart.info\/index.php?rest_route=\/wp\/v2\/posts\/356"}],"collection":[{"href":"http:\/\/artnetart.info\/index.php?rest_route=\/wp\/v2\/posts"}],"about":[{"href":"http:\/\/artnetart.info\/index.php?rest_route=\/wp\/v2\/types\/post"}],"author":[{"embeddable":true,"href":"http:\/\/artnetart.info\/index.php?rest_route=\/wp\/v2\/users\/1"}],"replies":[{"embeddable":true,"href":"http:\/\/artnetart.info\/index.php?rest_route=%2Fwp%2Fv2%2Fcomments&post=356"}],"version-history":[{"count":4,"href":"http:\/\/artnetart.info\/index.php?rest_route=\/wp\/v2\/posts\/356\/revisions"}],"predecessor-version":[{"id":360,"href":"http:\/\/artnetart.info\/index.php?rest_route=\/wp\/v2\/posts\/356\/revisions\/360"}],"wp:featuredmedia":[{"embeddable":true,"href":"http:\/\/artnetart.info\/index.php?rest_route=\/wp\/v2\/media\/330"}],"wp:attachment":[{"href":"http:\/\/artnetart.info\/index.php?rest_route=%2Fwp%2Fv2%2Fmedia&parent=356"}],"wp:term":[{"taxonomy":"category","embeddable":true,"href":"http:\/\/artnetart.info\/index.php?rest_route=%2Fwp%2Fv2%2Fcategories&post=356"},{"taxonomy":"post_tag","embeddable":true,"href":"http:\/\/artnetart.info\/index.php?rest_route=%2Fwp%2Fv2%2Ftags&post=356"}],"curies":[{"name":"wp","href":"https:\/\/api.w.org\/{rel}","templated":true}]}}